{"id":1513,"date":"2026-09-01T09:04:34","date_gmt":"2026-09-01T06:04:34","guid":{"rendered":"https:\/\/www.tayfnews.tech\/tr\/?p=1513"},"modified":"2026-09-01T09:04:34","modified_gmt":"2026-09-01T06:04:34","slug":"kolombiyadaki-hava-saldirilarinda-20-gerilla-olduruldu","status":"publish","type":"post","link":"https:\/\/www.tayfnews.tech\/tr\/politics-defense\/kolombiyadaki-hava-saldirilarinda-20-gerilla-olduruldu\/","title":{"rendered":"Kolombiya&#8217;daki Hava Sald\u0131r\u0131lar\u0131nda 20 Gerilla \u00d6ld\u00fcr\u00fcld\u00fc"},"content":{"rendered":"<p>\u00dclkenin sa\u011fc\u0131 Devlet Ba\u015fkan\u0131 Abelardo de la Espriella taraf\u0131ndan Pazartesi g\u00fcn\u00fc yap\u0131lan a\u00e7\u0131klamalara g\u00f6re, Kolombiya&#8217;n\u0131n g\u00fcneyinde d\u00fczenlenen yeni h\u00fck\u00fcmet hava sald\u0131r\u0131lar\u0131nda <strong>Merkezi Genelkurmay (EMC)<\/strong> silahl\u0131 grubuna mensup oldu\u011fu iddia edilen 20 ki\u015fi hayat\u0131n\u0131 kaybetti. Askeri operasyon, b\u00f6lgede faaliyet g\u00f6steren muhalif gruplar\u0131 hedef alan devam eden g\u00fcvenlik kampanyalar\u0131nda \u00f6nemli bir t\u0131rman\u0131\u015fa i\u015faret ediyor.<\/p>\n<h2>Yeni Y\u00f6netim Alt\u0131nda G\u00fcvenlik Sertle\u015fiyor<\/h2>\n<p>Son operasyon, Devlet Ba\u015fkan\u0131 Abelardo de la Espriella y\u00f6netiminde sertle\u015fen g\u00fcvenlik politikas\u0131n\u0131 g\u00f6zler \u00f6n\u00fcne seriyor. \u0130syanc\u0131 gruplara y\u00f6nelik bu agresif tutum, \u00f6zellikle silahl\u0131 gruplar ile sivil n\u00fcfusun s\u0131kl\u0131kla i\u00e7 i\u00e7e bulundu\u011fu b\u00f6lgelerde hava bombard\u0131manlar\u0131n\u0131n kullan\u0131m\u0131 konusunda askeri taktiklerin yeniden inceleme alt\u0131na al\u0131nmas\u0131na neden oldu.<\/p>\n<p>Kolombiya adli t\u0131p kurumundaki kaynaklar\u0131n sa\u011flad\u0131\u011f\u0131 bilgilere g\u00f6re, mevcut y\u00f6netim daha \u00f6nce de benzer operasyonlara onay vermi\u015fti. Adli t\u0131p bulgular\u0131na g\u00f6re, \u00f6zellikle A\u011fustos ay\u0131nda \u015f\u00fcpheli gerillalara kar\u015f\u0131 d\u00fczenlenen di\u011fer iki \u00f6l\u00fcmc\u00fcl hava sald\u0131r\u0131s\u0131nda en az d\u00f6rt \u00e7ocuk ya\u015fam\u0131n\u0131 yitirmi\u015fti.<\/p>\n<h2>Askeri Operasyonlar\u0131n \u00d6nemli Detaylar\u0131<\/h2>\n<ul>\n<li><strong>Hedef Grup:<\/strong> Merkezi Genelkurmay (EMC) silahl\u0131 grubu<\/li>\n<li><strong>Son Sald\u0131r\u0131daki Kay\u0131plar:<\/strong> 20 \u015f\u00fcpheli gerilla \u00f6ld\u00fcr\u00fcld\u00fc<\/li>\n<li><strong>Konum:<\/strong> Kolombiya&#8217;n\u0131n g\u00fcneyi<\/li>\n<li><strong>Y\u00f6netim Ba\u011flam\u0131:<\/strong> Sa\u011fc\u0131 Devlet Ba\u015fkan\u0131 Abelardo de la Espriella d\u00f6neminde ger\u00e7ekle\u015ftirildi<\/li>\n<li><strong>\u00d6nceki Operasyonlar:<\/strong> A\u011fustos ay\u0131nda d\u00fczenlenen iki \u00f6l\u00fcmc\u00fcl hava sald\u0131r\u0131s\u0131<\/li>\n<li><strong>Adli T\u0131p Bulgular\u0131:<\/strong> A\u011fustos ay\u0131ndaki sald\u0131r\u0131larda en az d\u00f6rt \u00e7ocuk hayat\u0131n\u0131 kaybetti<\/li>\n<\/ul>\n<p><em>Kaynak: <a href=\"https:\/\/www.france24.com\/en\/americas\/20260901-government-air-strikes-kill-20-alleged-guerrillas-in-colombia-president-says\" target=\"_blank\" rel=\"noopener noreferrer\">Orijinal Makale<\/a><\/em><\/p>\n","protected":false},"excerpt":{"rendered":"<p>Kolombiya&#8217;da d\u00fczenlenen hava sald\u0131r\u0131lar\u0131nda 20 EMC gerillas\u0131 etkisiz hale getirildi. Ba\u015fkan Abelardo de la Espriella d\u00f6neminde g\u00fcvenlik sertle\u015fiyor.<\/p>\n","protected":false},"author":1,"featured_media":1512,"comment_status":"open","ping_status":"open","sticky":false,"template":"","format":"standard","meta":{"googlesitekit_rrm_CAowrrDMDA:productID":"","tayfnews_source_url":"","footnotes":"","rank_math_focus_keyword":"Kolombiya hava sald\u0131r\u0131lar\u0131, EMC gerillalar\u0131, Abelardo de la Espriella, Askeri, G\u00fcvenlik, Siyaset","rank_math_title":"Kolombiya'daki Hava Sald\u0131r\u0131lar\u0131nda 20 Gerilla \u00d6ld\u00fcr\u00fcld\u00fc","rank_math_description":"Kolombiya'da d\u00fczenlenen hava sald\u0131r\u0131lar\u0131nda 20 EMC gerillas\u0131 etkisiz hale getirildi. Ba\u015fkan Abelardo de la Espriella d\u00f6neminde g\u00fcvenlik sertle\u015fiyor."},"categories":[11],"tags":[],"class_list":["post-1513","post","type-post","status-publish","format-standard","has-post-thumbnail","hentry","category-politics-defense"],"_links":{"self":[{"href":"https:\/\/www.tayfnews.tech\/tr\/wp-json\/wp\/v2\/posts\/1513","targetHints":{"allow":["GET"]}}],"collection":[{"href":"https:\/\/www.tayfnews.tech\/tr\/wp-json\/wp\/v2\/posts"}],"about":[{"href":"https:\/\/www.tayfnews.tech\/tr\/wp-json\/wp\/v2\/types\/post"}],"author":[{"embeddable":true,"href":"https:\/\/www.tayfnews.tech\/tr\/wp-json\/wp\/v2\/users\/1"}],"replies":[{"embeddable":true,"href":"https:\/\/www.tayfnews.tech\/tr\/wp-json\/wp\/v2\/comments?post=1513"}],"version-history":[{"count":1,"href":"https:\/\/www.tayfnews.tech\/tr\/wp-json\/wp\/v2\/posts\/1513\/revisions"}],"predecessor-version":[{"id":1514,"href":"https:\/\/www.tayfnews.tech\/tr\/wp-json\/wp\/v2\/posts\/1513\/revisions\/1514"}],"wp:featuredmedia":[{"embeddable":true,"href":"https:\/\/www.tayfnews.tech\/tr\/wp-json\/wp\/v2\/media\/1512"}],"wp:attachment":[{"href":"https:\/\/www.tayfnews.tech\/tr\/wp-json\/wp\/v2\/media?parent=1513"}],"wp:term":[{"taxonomy":"category","embeddable":true,"href":"https:\/\/www.tayfnews.tech\/tr\/wp-json\/wp\/v2\/categories?post=1513"},{"taxonomy":"post_tag","embeddable":true,"href":"https:\/\/www.tayfnews.tech\/tr\/wp-json\/wp\/v2\/tags?post=1513"}],"curies":[{"name":"wp","href":"https:\/\/api.w.org\/{rel}","templated":true}]}}