{"id":1510,"date":"2026-09-01T08:04:58","date_gmt":"2026-09-01T05:04:58","guid":{"rendered":"https:\/\/www.tayfnews.tech\/tr\/?p=1510"},"modified":"2026-09-01T08:04:58","modified_gmt":"2026-09-01T05:04:58","slug":"kara-kuvvetleri-sekreteri-dan-driscoll-istifa-etti","status":"publish","type":"post","link":"https:\/\/www.tayfnews.tech\/tr\/politics-defense\/kara-kuvvetleri-sekreteri-dan-driscoll-istifa-etti\/","title":{"rendered":"Kara Kuvvetleri Sekreteri Dan Driscoll \u0130stifa Etti"},"content":{"rendered":"<p>Kara Kuvvetleri Sekreteri Dan Driscoll, 18 ay g\u00f6rev yapt\u0131ktan sonra g\u00f6revinden ayr\u0131l\u0131yor; bu geli\u015fme Pazartesi g\u00fcn\u00fc Beyaz Saray taraf\u0131ndan duyuruldu. Driscoll&#8217;\u00fcn ayr\u0131l\u0131\u011f\u0131, Trump y\u00f6netimi s\u00fcresince \u00fcst d\u00fczey askeri liderlik kadrosunda ya\u015fanan en son istifa olarak kay\u0131tlara ge\u00e7erken, savunma y\u00f6netiminin en \u00fcst kademelerindeki de\u011fi\u015fim s\u00fcrecine bir yenisini ekledi.<\/p>\n<h2>Pentagon&#8217;da Liderlik Ge\u00e7i\u015fi<\/h2>\n<p>Driscoll&#8217;\u00fcn istifas\u0131na ili\u015fkin a\u00e7\u0131klama, Amerika Birle\u015fik Devletleri askeri hiyerar\u015fisinin en \u00fcst kademelerinde devam eden bir ge\u00e7i\u015f d\u00f6nemine \u0131\u015f\u0131k tutuyor. Bir bu\u00e7uk y\u0131l\u0131 kapsayan g\u00f6rev s\u00fcresi boyunca Driscoll, Kara Kuvvetleri&#8217;nin stratejik y\u00f6nelimi a\u00e7\u0131s\u0131ndan merkezi \u00f6neme sahip \u00e7e\u015fitli idari ve operasyonel sorumluluklar\u0131 denetledi. Beyaz Saray, ayr\u0131l\u0131\u011f\u0131 teyit ederken hemen bir halef a\u00e7\u0131klamad\u0131 veya ge\u00e7i\u015fin arkas\u0131ndaki \u00f6zel nedenleri s\u0131ralamad\u0131.<\/p>\n<h3>Ayr\u0131l\u0131\u011f\u0131n \u00d6nemli Detaylar\u0131<\/h3>\n<ul>\n<li><strong>Resmi Ayr\u0131l\u0131\u015f:<\/strong> Kara Kuvvetleri Sekreteri Dan Driscoll g\u00f6revinden ayr\u0131l\u0131yor.<\/li>\n<li><strong>G\u00f6rev S\u00fcresi:<\/strong> Bu pozisyonda 18 ay g\u00f6rev yapt\u0131.<\/li>\n<li><strong>A\u00e7\u0131klaman\u0131n Kayna\u011f\u0131:<\/strong> Beyaz Saray ayr\u0131l\u0131\u011f\u0131 Pazartesi g\u00fcn\u00fc resmi olarak a\u00e7\u0131klad\u0131.<\/li>\n<li><strong>Daha Geni\u015f Ba\u011flam:<\/strong> Bu geli\u015fme, Trump y\u00f6netimi s\u0131ras\u0131nda \u00fcst d\u00fczey askeri liderlerin kat\u0131ld\u0131\u011f\u0131 bir dizi ayr\u0131l\u0131\u011f\u0131n son halkas\u0131n\u0131 olu\u015fturuyor.<\/li>\n<\/li>\n<\/ul>\n<p>Y\u00f6netim sonraki liderlik duyurular\u0131na haz\u0131rlan\u0131rken Savunma Bakanl\u0131\u011f\u0131, stratejik giri\u015fimlerinde ve idari denetiminde s\u00fcreklili\u011fi sa\u011flama g\u00f6reviyle kar\u015f\u0131 kar\u015f\u0131ya. Ge\u00e7i\u015f s\u00fcreci ilerledik\u00e7e Kara Kuvvetleri Sekreterli\u011fi pozisyonu i\u00e7in ge\u00e7ici bir atama veya kal\u0131c\u0131 bir aday hakk\u0131nda daha fazla g\u00fcncelleme bekleniyor.<\/p>\n<p><em>Kaynak: <a href=\"https:\/\/www.npr.org\/2026\/09\/01\/g-s1-141337\/army-secretary-stepping-down\" target=\"_blank\" rel=\"noopener noreferrer\">Orijinal Makale<\/a><\/em><\/p>\n","protected":false},"excerpt":{"rendered":"<p>Kara Kuvvetleri Sekreteri Dan Driscoll, 18 ayl\u0131k g\u00f6rev s\u00fcresinin ard\u0131ndan istifa etti. Bu geli\u015fme Trump y\u00f6netimi d\u00f6nemindeki \u00fcst d\u00fczey askeri ayr\u0131l\u0131\u015flara eklendi.<\/p>\n","protected":false},"author":1,"featured_media":1509,"comment_status":"open","ping_status":"open","sticky":false,"template":"","format":"standard","meta":{"googlesitekit_rrm_CAowrrDMDA:productID":"","tayfnews_source_url":"","footnotes":"","rank_math_focus_keyword":"Kara Kuvvetleri Sekreteri Dan Driscoll, askeri liderlik, Trump y\u00f6netimi, Siyaset, Savunma, H\u00fck\u00fcmet","rank_math_title":"Kara Kuvvetleri Sekreteri Dan Driscoll \u0130stifa Etti","rank_math_description":"Kara Kuvvetleri Sekreteri Dan Driscoll, 18 ayl\u0131k g\u00f6rev s\u00fcresinin ard\u0131ndan istifa etti. Bu geli\u015fme Trump y\u00f6netimi d\u00f6nemindeki \u00fcst d\u00fczey askeri ayr\u0131l\u0131\u015flara eklendi."},"categories":[11],"tags":[],"class_list":["post-1510","post","type-post","status-publish","format-standard","has-post-thumbnail","hentry","category-politics-defense"],"_links":{"self":[{"href":"https:\/\/www.tayfnews.tech\/tr\/wp-json\/wp\/v2\/posts\/1510","targetHints":{"allow":["GET"]}}],"collection":[{"href":"https:\/\/www.tayfnews.tech\/tr\/wp-json\/wp\/v2\/posts"}],"about":[{"href":"https:\/\/www.tayfnews.tech\/tr\/wp-json\/wp\/v2\/types\/post"}],"author":[{"embeddable":true,"href":"https:\/\/www.tayfnews.tech\/tr\/wp-json\/wp\/v2\/users\/1"}],"replies":[{"embeddable":true,"href":"https:\/\/www.tayfnews.tech\/tr\/wp-json\/wp\/v2\/comments?post=1510"}],"version-history":[{"count":1,"href":"https:\/\/www.tayfnews.tech\/tr\/wp-json\/wp\/v2\/posts\/1510\/revisions"}],"predecessor-version":[{"id":1511,"href":"https:\/\/www.tayfnews.tech\/tr\/wp-json\/wp\/v2\/posts\/1510\/revisions\/1511"}],"wp:featuredmedia":[{"embeddable":true,"href":"https:\/\/www.tayfnews.tech\/tr\/wp-json\/wp\/v2\/media\/1509"}],"wp:attachment":[{"href":"https:\/\/www.tayfnews.tech\/tr\/wp-json\/wp\/v2\/media?parent=1510"}],"wp:term":[{"taxonomy":"category","embeddable":true,"href":"https:\/\/www.tayfnews.tech\/tr\/wp-json\/wp\/v2\/categories?post=1510"},{"taxonomy":"post_tag","embeddable":true,"href":"https:\/\/www.tayfnews.tech\/tr\/wp-json\/wp\/v2\/tags?post=1510"}],"curies":[{"name":"wp","href":"https:\/\/api.w.org\/{rel}","templated":true}]}}