{"id":1458,"date":"2026-08-31T13:04:19","date_gmt":"2026-08-31T10:04:19","guid":{"rendered":"https:\/\/www.tayfnews.tech\/tr\/?p=1458"},"modified":"2026-08-31T13:04:19","modified_gmt":"2026-08-31T10:04:19","slug":"kolombiyali-asileri-kacirdigi-fransiz-yabanci-lejyonu-askerinin-yasadigini-acikladi","status":"publish","type":"post","link":"https:\/\/www.tayfnews.tech\/tr\/politics-defense\/kolombiyali-asileri-kacirdigi-fransiz-yabanci-lejyonu-askerinin-yasadigini-acikladi\/","title":{"rendered":"Kolombiyal\u0131 Asileri Ka\u00e7\u0131rd\u0131\u011f\u0131 Frans\u0131z Yabanc\u0131 Lejyonu Askerinin Ya\u015fad\u0131\u011f\u0131n\u0131 A\u00e7\u0131klad\u0131"},"content":{"rendered":"<p>\u00d6nde gelen Kolombiyal\u0131 bir asi grup, elit Frans\u0131z Yabanc\u0131 Lejyonu&#8217;nda g\u00f6rev yapan bir Kolombiya vatanda\u015f\u0131n\u0131n ka\u00e7\u0131r\u0131lmas\u0131ndan sorumlu oldu\u011funu resmi olarak kabul etti. Pazar g\u00fcn\u00fc yap\u0131lan a\u00e7\u0131klama, memleketini resmi izn\u5206\u304b\u308ayle ziyaret ederken isyanc\u0131 g\u00fc\u00e7lerin hedefi oldu\u011fu bildirilen Jose Olger Melo Charry&#8217;nin durumuna de\u011finiyor. Ayr\u0131l\u0131k\u00e7\u0131 \u00f6rg\u00fct taraf\u0131ndan yay\u0131mlanan a\u00e7\u0131klamalara g\u00f6re, esir asker h\u00e2l\u00e2 hayatta ve grubun tan\u0131m\u0131yla m\u00fckemmel bir sa\u011fl\u0131k durumunda tutuluyor.<\/p>\n<h2>Esir Askerin Kimli\u011fi ve Ba\u011flant\u0131s\u0131<\/h2>\n<p>Olay, uluslararas\u0131 askeri hizmet ile G\u00fcney Amerika&#8217;daki i\u00e7 g\u00fcvenlik zorluklar\u0131 aras\u0131ndaki kesi\u015fim noktas\u0131na dikkat \u00e7ekiyor. Jose Olger Melo Charry, 1830&#8217;larda kurulan ve Fransa Cumhuriyeti&#8217;ne hizmet etmek isteyen yabanc\u0131 g\u00f6n\u00fcll\u00fcleri kabul eden askeri bir kol olan Frans\u0131z Yabanc\u0131 Lejyonu&#8217;nun saflar\u0131nda g\u00f6rev yapma ayr\u0131cal\u0131\u011f\u0131na sahip. Lejyonun \u00fcyeleri d\u00fcnyan\u0131n d\u00f6rt bir yan\u0131ndan gelmekle birlikte, memleketle ba\u011flar\u0131n s\u00fcrd\u00fcr\u00fclmesi genellikle resmi izin d\u00f6nemlerinde yap\u0131lan periyodik ziyaretleri i\u00e7eriyor. Melo Charry, Kolombiya&#8217;ya yapt\u0131\u011f\u0131 bu ki\u015fisel gezilerden birinde esaretinden sorumlu silahl\u0131 grupla kar\u015f\u0131la\u015ft\u0131.<\/p>\n<p>Olayla ilgili temel detaylar \u015funlar\u0131 i\u00e7eriyor:<\/p>\n<ul>\n<li><strong>Kurban:<\/strong> Jose Olger Melo Charry, Kolombiya vatanda\u015f\u0131.<\/li>\n<li><strong>Askeri Ba\u011flant\u0131:<\/strong> Elit Frans\u0131z Yabanc\u0131 Lejyonu.<\/li>\n<li><strong>Durum:<\/strong> Ya\u015fad\u0131\u011f\u0131 do\u011fruland\u0131 ve m\u00fckemmel sa\u011fl\u0131k durumunda oldu\u011fu bildirildi.<\/li>\n<li><strong>Zamanlama:<\/strong> \u0130tiraf pazar g\u00fcn\u00fc kamuoyuna duyuruldu.<\/li>\n<\/ul>\n<h2>Merkez Genelkurmay&#8217;\u0131n Sorumlulu\u011fu<\/h2>\n<p>Ka\u00e7\u0131rma eylemi, do\u011frudan \u015fimdi feshedilmi\u015f FARC gerillalar\u0131ndan t\u00fcreyen ana ayr\u0131l\u0131k\u00e7\u0131 grup olarak tan\u0131nan silahl\u0131 bir fraksiyon olan <strong>Merkez Genelkurmay<\/strong>&#8216;a atfedildi. Kolombiya Devrimci Silahl\u0131 Kuvvetleri&#8217;nin resmi yap\u0131s\u0131n\u0131 ortadan kald\u0131ran tarihi bar\u0131\u015f anla\u015fmalar\u0131n\u0131n ard\u0131ndan, \u00e7e\u015fitli muhalif gruplar ve kopan fraksiyonlar \u00fclkenin farkl\u0131 b\u00f6lgesel ceplerinde silahl\u0131 operasyonlar\u0131n\u0131 s\u00fcrd\u00fcrd\u00fc. Merkez Genelkurmay aktif varl\u0131\u011f\u0131n\u0131 koruyarak, ulusal ve uluslararas\u0131 d\u00fczeyde s\u0131k s\u0131k inceleme konusu olan hedefli ka\u00e7\u0131rma eylemleri de dahil olmak \u00fczere yerel \u00e7at\u0131\u015fmalara ve su\u00e7 faaliyetlerine kar\u0131\u015fmaya devam etti.<\/p>\n<p>Sorumlulu\u011fu \u00fcstlenmek ve Melo Charry&#8217;nin fiziksel durumu hakk\u0131nda g\u00fcncel bilgi sa\u011flamak \u00fczere \u00f6ne \u00e7\u0131kan ayr\u0131l\u0131k\u00e7\u0131 grup, geli\u015fen duruma acil diplomatik ve g\u00fcvenlik odakl\u0131 bir ilgi \u00e7ekti. Yetkililer ve g\u00f6zlemciler, diplomatik kanallar ve g\u00fcvenlik g\u00fc\u00e7leri asi grubun kamuoyuna yapt\u0131\u011f\u0131 a\u00e7\u0131klamalar\u0131n sonu\u00e7lar\u0131n\u0131 de\u011ferlendirirken g\u00f6zalt\u0131na al\u0131nan askerle ilgili geli\u015fmeleri izlemeye devam ediyor.<\/p>\n<p><em>Kaynak: <a href=\"https:\/\/www.france24.com\/en\/americas\/20260831-colombian-rebel-group-say-kidnapped-french-foreign-legion-soldier-is-still-alive\" target=\"_blank\" rel=\"noopener noreferrer\">Orijinal Makale<\/a><\/em><\/p>\n","protected":false},"excerpt":{"rendered":"<p>Merkez Genelkurmay, Kolombiya vatanda\u015f\u0131 ve Frans\u0131z Yabanc\u0131 Lejyonu askeri Jose Olger Melo Charry&#8217;nin ka\u00e7\u0131r\u0131ld\u0131\u011f\u0131n\u0131 do\u011frulayarak sa\u011f oldu\u011funu bildirdi.<\/p>\n","protected":false},"author":1,"featured_media":1457,"comment_status":"open","ping_status":"open","sticky":false,"template":"","format":"standard","meta":{"googlesitekit_rrm_CAowrrDMDA:productID":"","tayfnews_source_url":"","footnotes":"","rank_math_focus_keyword":"Frans\u0131z Yabanc\u0131 Lejyonu, Merkez Genelkurmay, Jose Olger Melo Charry, Kolombiya, Asiler, Savunma","rank_math_title":"Kolombiyal\u0131 Asileri Ka\u00e7\u0131rd\u0131\u011f\u0131 Frans\u0131z Yabanc\u0131 Lejyonu Askerinin Ya\u015fad\u0131\u011f\u0131n\u0131 A\u00e7\u0131klad\u0131","rank_math_description":"Merkez Genelkurmay, Kolombiya vatanda\u015f\u0131 ve Frans\u0131z Yabanc\u0131 Lejyonu askeri Jose Olger Melo Charry'nin ka\u00e7\u0131r\u0131ld\u0131\u011f\u0131n\u0131 do\u011frulayarak sa\u011f oldu\u011funu bildirdi."},"categories":[11],"tags":[],"class_list":["post-1458","post","type-post","status-publish","format-standard","has-post-thumbnail","hentry","category-politics-defense"],"_links":{"self":[{"href":"https:\/\/www.tayfnews.tech\/tr\/wp-json\/wp\/v2\/posts\/1458","targetHints":{"allow":["GET"]}}],"collection":[{"href":"https:\/\/www.tayfnews.tech\/tr\/wp-json\/wp\/v2\/posts"}],"about":[{"href":"https:\/\/www.tayfnews.tech\/tr\/wp-json\/wp\/v2\/types\/post"}],"author":[{"embeddable":true,"href":"https:\/\/www.tayfnews.tech\/tr\/wp-json\/wp\/v2\/users\/1"}],"replies":[{"embeddable":true,"href":"https:\/\/www.tayfnews.tech\/tr\/wp-json\/wp\/v2\/comments?post=1458"}],"version-history":[{"count":1,"href":"https:\/\/www.tayfnews.tech\/tr\/wp-json\/wp\/v2\/posts\/1458\/revisions"}],"predecessor-version":[{"id":1459,"href":"https:\/\/www.tayfnews.tech\/tr\/wp-json\/wp\/v2\/posts\/1458\/revisions\/1459"}],"wp:featuredmedia":[{"embeddable":true,"href":"https:\/\/www.tayfnews.tech\/tr\/wp-json\/wp\/v2\/media\/1457"}],"wp:attachment":[{"href":"https:\/\/www.tayfnews.tech\/tr\/wp-json\/wp\/v2\/media?parent=1458"}],"wp:term":[{"taxonomy":"category","embeddable":true,"href":"https:\/\/www.tayfnews.tech\/tr\/wp-json\/wp\/v2\/categories?post=1458"},{"taxonomy":"post_tag","embeddable":true,"href":"https:\/\/www.tayfnews.tech\/tr\/wp-json\/wp\/v2\/tags?post=1458"}],"curies":[{"name":"wp","href":"https:\/\/api.w.org\/{rel}","templated":true}]}}