{"id":1446,"date":"2026-08-31T09:03:58","date_gmt":"2026-08-31T06:03:58","guid":{"rendered":"https:\/\/www.tayfnews.tech\/tr\/?p=1446"},"modified":"2026-08-31T09:03:58","modified_gmt":"2026-08-31T06:03:58","slug":"nepalde-himalayan-sel-felaketinde-olu-sayisi-900u-gecti","status":"publish","type":"post","link":"https:\/\/www.tayfnews.tech\/tr\/energy-environment\/nepalde-himalayan-sel-felaketinde-olu-sayisi-900u-gecti\/","title":{"rendered":"Nepal&#8217;de Himalayan Sel Felaketinde \u00d6l\u00fc Say\u0131s\u0131 900&#8217;\u00fc Ge\u00e7ti"},"content":{"rendered":"<p>Nepal, ge\u00e7en hafta Nepal-Tibet s\u0131n\u0131r\u0131nda meydana gelen felaket niteli\u011findeki <strong>Himalaya sellerinde<\/strong> hayat\u0131n\u0131 kaybeden \u00e7ok say\u0131da ki\u015fi i\u00e7in pazartesi g\u00fcn\u00fc toplu cenaze t\u00f6renleri d\u00fczenlemeye ba\u015flad\u0131. Yetkililer, felaket nedeniyle \u00fclke genelindeki can kayb\u0131n\u0131n 900 ki\u015fiyi a\u015ft\u0131\u011f\u0131n\u0131 teyit ederek bu olay\u0131n son d\u00f6nemde sapa b\u00f6lgeyi vuran en y\u0131k\u0131c\u0131 hava olaylar\u0131ndan biri oldu\u011funu kaydetti.<\/p>\n<p>Hem Nepal&#8217;den hem de kom\u015fu \u00c7in&#8217;den acil durum hizmetleri ve afet m\u00fcdahale ekipleri, devam eden arama ve kurtarma operasyonlar\u0131n\u0131 s\u00fcrd\u00fcr\u00fcyor. Yetkililer, 4.000&#8217;den fazla ki\u015finin h\u00e2l\u00e2 kay\u0131p oldu\u011funu bildirirken, kurtarma ekiplerinin izole araziye ula\u015fmakta zorlanmas\u0131 krizin boyutunu b\u00fcy\u00fct\u00fcyor. Kay\u0131plar aras\u0131nda, zorlu da\u011fl\u0131k co\u011frafyaya yay\u0131lm\u0131\u015f hidroelektrik santri tesislerinde \u00e7al\u0131\u015fan y\u00fczlerce personel de bulunuyor.<\/p>\n<h2>Afet Kapsam\u0131 ve Etki Metrikleri<\/h2>\n<ul>\n<li><strong>Do\u011frulanan Kay\u0131plar:<\/strong> Felaket niteli\u011findeki ani sellerde 900&#8217;den fazla ki\u015fi ya\u015fam\u0131n\u0131 yitirdi.<\/li>\n<li><strong>Kay\u0131p \u015eah\u0131slar:<\/strong> 4.000&#8217;den fazla ki\u015fiden h\u00e2l\u00e2 haber al\u0131nam\u0131yor.<\/li>\n<li><strong>Etkilenen Demografi:<\/strong> Kay\u0131p hidroelektrik santri \u00e7al\u0131\u015fanlar\u0131ndan y\u00fczlercesini kaps\u0131yor.<\/li>\n<li><strong>Co\u011frafi B\u00f6lge:<\/strong> Nepal-Tibet s\u0131n\u0131r\u0131 boyunca uzanan sapa Himalaya b\u00f6lgesi.<\/li>\n<li><strong>Operasyonlar:<\/strong> Nepal ve kom\u015fu \u00c7in yetkililerinin ortak arama \u00e7al\u0131\u015fmalar\u0131.<\/li>\n<\/ul>\n<p>Ya\u015fanan bu trajik olay, kritik altyap\u0131lar\u0131n, \u00f6zellikle de k\u0131r\u0131lgan y\u00fcksek rak\u0131ml\u0131 ekosistemlerde yer alan uzak yenilenebilir enerji tesislerinin ne denli b\u00fcy\u00fck bir hassasiyet bar\u0131nd\u0131rd\u0131\u011f\u0131n\u0131 g\u00f6zler \u00f6n\u00fcne seriyor. Kurtarma \u00e7al\u0131\u015fmalar\u0131 h\u0131z kesmeden devam ederken, odak noktas\u0131 yayg\u0131n \u00e7evre y\u0131k\u0131m\u0131 ve zorlu operasyonel ko\u015fullar alt\u0131nda hayatta kalanlar\u0131 bulmaya odaklanm\u0131\u015f durumda.<\/p>\n<p><em>Kaynak: <a href=\"https:\/\/www.france24.com\/en\/asia-pacific\/20260831-nepal-buries-victims-of-himalayan-flooding-as-death-toll-climbs-past-900\" target=\"_blank\" rel=\"noopener noreferrer\">Orijinal Makale<\/a><\/em><\/p>\n","protected":false},"excerpt":{"rendered":"<p>Nepal-Tibet s\u0131n\u0131r\u0131ndaki felaket ve ani sellerin ard\u0131ndan toplu cenazeler ba\u015flarken, Nepal&#8217;deki Himalayan sel felaketinde \u00f6l\u00fc say\u0131s\u0131 900&#8217;\u00fc a\u015ft\u0131.<\/p>\n","protected":false},"author":1,"featured_media":1445,"comment_status":"open","ping_status":"open","sticky":false,"template":"","format":"standard","meta":{"googlesitekit_rrm_CAowrrDMDA:productID":"","tayfnews_source_url":"","footnotes":"","rank_math_focus_keyword":"Himalaya Selleri, Ani Seller, Nepal Tibet S\u0131n\u0131r\u0131, \u00c7evre, \u0130klim De\u011fi\u015fikli\u011fi, Yenilenebilir Enerji","rank_math_title":"Nepal'de Himalayan Sel Felaketinde \u00d6l\u00fc Say\u0131s\u0131 900'\u00fc Ge\u00e7ti","rank_math_description":"Nepal-Tibet s\u0131n\u0131r\u0131ndaki felaket ve ani sellerin ard\u0131ndan toplu cenazeler ba\u015flarken, Nepal'deki Himalayan sel felaketinde \u00f6l\u00fc say\u0131s\u0131 900'\u00fc a\u015ft\u0131."},"categories":[6],"tags":[],"class_list":["post-1446","post","type-post","status-publish","format-standard","has-post-thumbnail","hentry","category-energy-environment"],"_links":{"self":[{"href":"https:\/\/www.tayfnews.tech\/tr\/wp-json\/wp\/v2\/posts\/1446","targetHints":{"allow":["GET"]}}],"collection":[{"href":"https:\/\/www.tayfnews.tech\/tr\/wp-json\/wp\/v2\/posts"}],"about":[{"href":"https:\/\/www.tayfnews.tech\/tr\/wp-json\/wp\/v2\/types\/post"}],"author":[{"embeddable":true,"href":"https:\/\/www.tayfnews.tech\/tr\/wp-json\/wp\/v2\/users\/1"}],"replies":[{"embeddable":true,"href":"https:\/\/www.tayfnews.tech\/tr\/wp-json\/wp\/v2\/comments?post=1446"}],"version-history":[{"count":1,"href":"https:\/\/www.tayfnews.tech\/tr\/wp-json\/wp\/v2\/posts\/1446\/revisions"}],"predecessor-version":[{"id":1447,"href":"https:\/\/www.tayfnews.tech\/tr\/wp-json\/wp\/v2\/posts\/1446\/revisions\/1447"}],"wp:featuredmedia":[{"embeddable":true,"href":"https:\/\/www.tayfnews.tech\/tr\/wp-json\/wp\/v2\/media\/1445"}],"wp:attachment":[{"href":"https:\/\/www.tayfnews.tech\/tr\/wp-json\/wp\/v2\/media?parent=1446"}],"wp:term":[{"taxonomy":"category","embeddable":true,"href":"https:\/\/www.tayfnews.tech\/tr\/wp-json\/wp\/v2\/categories?post=1446"},{"taxonomy":"post_tag","embeddable":true,"href":"https:\/\/www.tayfnews.tech\/tr\/wp-json\/wp\/v2\/tags?post=1446"}],"curies":[{"name":"wp","href":"https:\/\/api.w.org\/{rel}","templated":true}]}}