{"id":1428,"date":"2026-08-31T02:03:54","date_gmt":"2026-08-30T23:03:54","guid":{"rendered":"https:\/\/www.tayfnews.tech\/tr\/?p=1428"},"modified":"2026-08-31T02:03:54","modified_gmt":"2026-08-30T23:03:54","slug":"abd-larak-adasindaki-iran-fuzelerini-vurdu","status":"publish","type":"post","link":"https:\/\/www.tayfnews.tech\/tr\/politics-defense\/abd-larak-adasindaki-iran-fuzelerini-vurdu\/","title":{"rendered":"ABD, Larak Adas\u0131&#8217;ndaki \u0130ran F\u00fczelerini Vurdu"},"content":{"rendered":"<p>Orta Do\u011fu&#8217;daki asker\u00ee operasyonlar, Amerika Birle\u015fik Devletleri&#8217;nin Larak Adas\u0131&#8217;nda konu\u015fland\u0131r\u0131lm\u0131\u015f olan <strong>ABD Sald\u0131r\u0131lar\u0131<\/strong> ve \u0130ran f\u00fczelerini hedef alan nokta at\u0131\u015f\u0131 bir sald\u0131r\u0131 d\u00fczenlemesinin ard\u0131ndan t\u0131rman\u0131\u015fa ge\u00e7ti. Bu taarruz eylemi, temmuz ay\u0131 sonundan bu yana \u0130ran topraklar\u0131n\u0131 veya varl\u0131klar\u0131n\u0131 do\u011frudan hedef alan ve kamuoyuna duyurulan ilk ABD asker\u00ee sald\u0131r\u0131s\u0131 olmas\u0131 nedeniyle \u00f6nemli bir b\u00f6lgesel t\u0131rman\u0131\u015fa i\u015faret ediyor. \u00c7at\u0131\u015fma, \u0130ran makamlar\u0131n\u0131n sald\u0131r\u0131n\u0131n bilan\u00e7osuna ili\u015fkin resmi raporlar\u0131n\u0131n ard\u0131ndan derhal uluslararas\u0131 endi\u015fe yaratt\u0131.<\/p>\n<h2>Larak Adas\u0131 \u00c7at\u0131\u015fmas\u0131n\u0131n Detaylar\u0131<\/h2>\n<p>Asker\u00ee sald\u0131r\u0131, \u00f6zellikle Basra K\u00f6rfezi&#8217;nde H\u00fcrm\u00fcz Bo\u011faz\u0131 yak\u0131nlar\u0131nda stratejik \u00f6neme sahip bir konum olan Larak Adas\u0131&#8217;nda konu\u015fland\u0131r\u0131lm\u0131\u015f <strong>\u0130ran f\u00fczeleri<\/strong> \u00fczerine odakland\u0131. \u0130ranl\u0131 yetkililer taraf\u0131ndan yap\u0131lan a\u00e7\u0131klamalara g\u00f6re, hassas sald\u0131r\u0131 sivillerin hayat\u0131n\u0131 kaybetmesine yol a\u00e7t\u0131. Asker\u00ee analistler adadaki f\u00fczelerin hedef al\u0131nmas\u0131n\u0131n arkas\u0131ndaki stratejik ama\u00e7lar\u0131 de\u011ferlendirmeye devam ederken, operasyon Washington ile Tahran aras\u0131ndaki devam eden gerilimleri ve k\u0131r\u0131lgan cayd\u0131r\u0131c\u0131l\u0131k durumunu g\u00f6zler \u00f6n\u00fcne seriyor.<\/p>\n<h2>Stratejik Etkiler ve Zaman \u00c7izelgesi<\/h2>\n<p>Bu \u00e7at\u0131\u015fma, temmuz ay\u0131 sonundan beri ABD ve \u0130ran g\u00fc\u00e7leri aras\u0131nda s\u00fcregelen nispi operasyonel durgunlu\u011fu bozdu. Sald\u0131r\u0131n\u0131n zamanlamas\u0131, kritik deniz ge\u00e7i\u015f noktalar\u0131ndaki s\u00fcrekli t\u0131rman\u0131\u015f riskini g\u00f6zler \u00f6n\u00fcne seriyor. Bildirilen olaydan \u00e7\u0131kar\u0131lacak temel operasyonel dersler \u015funlard\u0131r:<\/p>\n<ul>\n<li><strong>Hedef Konum:<\/strong> Basra K\u00f6rfezi b\u00f6lgesinde hayati bir co\u011frafi nokta olan Larak Adas\u0131.<\/li>\n<li><strong>Hedef Varl\u0131k:<\/strong> \u0130ran f\u00fcze veya mermi f\u0131rlat\u0131c\u0131lar\u0131.<\/li>\n<li><strong>Kay\u0131p Raporlar\u0131:<\/strong> \u0130ran a\u00e7\u0131klamalar\u0131, sald\u0131r\u0131n\u0131n sivil \u00f6l\u00fcmleriyle sonu\u00e7land\u0131\u011f\u0131n\u0131 do\u011fruluyor.<\/li>\n<li><strong>Zamansal Ba\u011flam:<\/strong> Temmuz ay\u0131 sonundan bu yana \u0130ran hedeflerine y\u00f6nelik bilinen ilk ABD sald\u0131r\u0131s\u0131n\u0131 temsil ediyor.<\/li>\n<\/ul>\n<p>\u0130stihbarat te\u015fkilatlar\u0131 ve jeopolitik uzmanlar <strong>Larak Adas\u0131<\/strong> operasyonunun sonu\u00e7lar\u0131n\u0131 analiz ederken, uluslararas\u0131 toplum olas\u0131 misilleme \u00f6nlemlerini veya b\u00f6lgesel savunma duru\u015fundaki de\u011fi\u015fiklikleri yak\u0131ndan takip etmeye devam ediyor.<\/p>\n<p><em>Kaynak: <a href=\"https:\/\/www.bbc.co.uk\/news\/articles\/cx2z72x5z1po?at_medium=RSS&#038;at_campaign=rss\" target=\"_blank\" rel=\"noopener noreferrer\">Orijinal Makale<\/a><\/em><\/p>\n","protected":false},"excerpt":{"rendered":"<p>ABD, Larak Adas\u0131&#8217;ndaki \u0130ran f\u00fczelerini vurdu. Bu sald\u0131r\u0131, temmuz ay\u0131 sonundan bu yana \u0130ran topraklar\u0131na veya varl\u0131klar\u0131na d\u00fczenlenen ilk ABD asker\u00ee operasyonu oldu.<\/p>\n","protected":false},"author":1,"featured_media":1427,"comment_status":"open","ping_status":"open","sticky":false,"template":"","format":"standard","meta":{"googlesitekit_rrm_CAowrrDMDA:productID":"","tayfnews_source_url":"","footnotes":"","rank_math_focus_keyword":"ABD Sald\u0131r\u0131lar\u0131, \u0130ran F\u00fczeleri, Larak Adas\u0131, Jeopolitik, Askeri Sald\u0131r\u0131, Savunma","rank_math_title":"ABD, Larak Adas\u0131'ndaki \u0130ran F\u00fczelerini Vurdu","rank_math_description":"ABD, Larak Adas\u0131'ndaki \u0130ran f\u00fczelerini vurdu. Bu sald\u0131r\u0131, temmuz ay\u0131 sonundan bu yana \u0130ran topraklar\u0131na veya varl\u0131klar\u0131na d\u00fczenlenen ilk ABD asker\u00ee operasyonu oldu."},"categories":[11],"tags":[],"class_list":["post-1428","post","type-post","status-publish","format-standard","has-post-thumbnail","hentry","category-politics-defense"],"_links":{"self":[{"href":"https:\/\/www.tayfnews.tech\/tr\/wp-json\/wp\/v2\/posts\/1428","targetHints":{"allow":["GET"]}}],"collection":[{"href":"https:\/\/www.tayfnews.tech\/tr\/wp-json\/wp\/v2\/posts"}],"about":[{"href":"https:\/\/www.tayfnews.tech\/tr\/wp-json\/wp\/v2\/types\/post"}],"author":[{"embeddable":true,"href":"https:\/\/www.tayfnews.tech\/tr\/wp-json\/wp\/v2\/users\/1"}],"replies":[{"embeddable":true,"href":"https:\/\/www.tayfnews.tech\/tr\/wp-json\/wp\/v2\/comments?post=1428"}],"version-history":[{"count":1,"href":"https:\/\/www.tayfnews.tech\/tr\/wp-json\/wp\/v2\/posts\/1428\/revisions"}],"predecessor-version":[{"id":1429,"href":"https:\/\/www.tayfnews.tech\/tr\/wp-json\/wp\/v2\/posts\/1428\/revisions\/1429"}],"wp:featuredmedia":[{"embeddable":true,"href":"https:\/\/www.tayfnews.tech\/tr\/wp-json\/wp\/v2\/media\/1427"}],"wp:attachment":[{"href":"https:\/\/www.tayfnews.tech\/tr\/wp-json\/wp\/v2\/media?parent=1428"}],"wp:term":[{"taxonomy":"category","embeddable":true,"href":"https:\/\/www.tayfnews.tech\/tr\/wp-json\/wp\/v2\/categories?post=1428"},{"taxonomy":"post_tag","embeddable":true,"href":"https:\/\/www.tayfnews.tech\/tr\/wp-json\/wp\/v2\/tags?post=1428"}],"curies":[{"name":"wp","href":"https:\/\/api.w.org\/{rel}","templated":true}]}}