{"id":1455,"date":"2026-09-01T07:03:37","date_gmt":"2026-09-01T04:03:37","guid":{"rendered":"https:\/\/www.tayfnews.tech\/pt\/?p=1455"},"modified":"2026-09-01T07:03:37","modified_gmt":"2026-09-01T04:03:37","slug":"john-ternus-liderara-a-apple-na-era-da-inteligencia-artificial","status":"publish","type":"post","link":"https:\/\/www.tayfnews.tech\/pt\/technology\/john-ternus-liderara-a-apple-na-era-da-inteligencia-artificial\/","title":{"rendered":"John Ternus liderar\u00e1 a Apple na era da intelig\u00eancia artificial"},"content":{"rendered":"<p>\u00c0 medida que a Apple entra em um cap\u00edtulo decisivo de sua hist\u00f3ria corporativa, o novo Diretor-Executivo (CEO) <strong>John Ternus<\/strong> assume a frente para guiar a gigante tecnol\u00f3gica na era em r\u00e1pida evolu\u00e7\u00e3o da intelig\u00eancia artificial. Herdando uma empresa que mant\u00e9m confortavelmente sua posi\u00e7\u00e3o dominante no mercado global de smartphones, a nova lideran\u00e7a precisa simultaneamente abordar uma lacuna estrat\u00e9gica cr\u00edtica, onde atualmente a companhia est\u00e1 atr\u00e1s de seus principais rivais do setor no desenvolvimento e integra\u00e7\u00e3o de IA.<\/p>\n<h2>A Transi\u00e7\u00e3o de Lideran\u00e7a e as Realidades de Mercado<\/h2>\n<p>A ascens\u00e3o de John Ternus marca um momento crucial para a tit\u00e3 de hardware e software sediada em Cupertino. Embora a Apple continue a comandar imensa lealdade dos consumidores e enormes fluxos de receita impulsionados por seus principais dispositivos m\u00f3veis, o panorama tecnol\u00f3gico geral mudou decisivamente para o aprendizado de m\u00e1quina, modelos generativos e intelig\u00eancia ambiental. Concorrentes em todo o setor de tecnologia de consumo implementaram de forma agressiva assistentes algor\u00edtmicos avan\u00e7ados e recursos de aprendizado profundo, estabelecendo altas expectativas entre os consumidores globais.<\/p>\n<p>Ao observar esse cen\u00e1rio, analistas da ind\u00fastria apontam que o novo CEO assume o comando de uma organiza\u00e7\u00e3o excepcionalmente lucrativa, mas enfrenta o desafio operacional imediato de acelerar as iniciativas de intelig\u00eancia artificial. O objetivo central para a nova equipe executiva envolve fechar a lacuna competitiva sem comprometer a integra\u00e7\u00e3o entre hardware e software e os padr\u00f5es de privacidade que definem o ecossistema da marca.<\/p>\n<h2>Principais Desafios para o Novo CEO<\/h2>\n<ul>\n<li><strong>Dom\u00ednio de Mercado:<\/strong> Manter uma posi\u00e7\u00e3o de lideran\u00e7a na ind\u00fastria dentro do mercado global de smartphones frente \u00e0 feroz concorr\u00eancia internacional.<\/li>\n<li><strong>A Lacuna de IA:<\/strong> Superar as desvantagens atuais em rela\u00e7\u00e3o aos rivais da ind\u00fastria que estabeleceram vantagens iniciais na implementa\u00e7\u00e3o de intelig\u00eancia artificial.<\/li>\n<li><strong>Integra\u00e7\u00e3o do Ecossistema:<\/strong> Incorporar capacidades avan\u00e7adas de aprendizado de m\u00e1quina de forma integrada em linhas de hardware, sistemas operacionais e servi\u00e7os ao consumidor.<\/li>\n<li><strong>Execu\u00e7\u00e3o Estrat\u00e9gica:<\/strong> Orientar as equipes internas de engenharia para entregar recursos de IA competitivos, preservando os valores corporativos fundamentais.<\/li>\n<\/ul>\n<p>\u00c0 medida que essas prioridades estrat\u00e9gicas se desenrolam, a comunidade tecnol\u00f3gica observa atentamente para ver como a nova administra\u00e7\u00e3o equilibrar\u00e1 a excel\u00eancia tradicional em hardware com as demandas imperativas da intelig\u00eancia artificial de pr\u00f3xima gera\u00e7\u00e3o.<\/p>\n<p><em>Fonte: <a href=\"https:\/\/www.aljazeera.com\/economy\/2026\/9\/1\/john-ternus-to-lead-apple-into-the-age-of-ai?traffic_source=rss\" target=\"_blank\" rel=\"noopener noreferrer\">Artigo original<\/a><\/em><\/p>\n","protected":false},"excerpt":{"rendered":"<p>John Ternus assume o cargo de CEO da Apple, herdando uma forte posi\u00e7\u00e3o nos smartphones e enfrentando o desafio de avan\u00e7ar na corrida da IA.<\/p>\n","protected":false},"author":1,"featured_media":1454,"comment_status":"open","ping_status":"open","sticky":false,"template":"","format":"standard","meta":{"googlesitekit_rrm_CAowrrDMDA:productID":"","tayfnews_source_url":"","footnotes":"","rank_math_focus_keyword":"John Ternus, CEO da Apple, intelig\u00eancia artificial, Tecnologia, Lideran\u00e7a, Apple","rank_math_title":"John Ternus liderar\u00e1 a Apple na era da intelig\u00eancia artificial","rank_math_description":"John Ternus assume o cargo de CEO da Apple, herdando uma forte posi\u00e7\u00e3o nos smartphones e enfrentando o desafio de avan\u00e7ar na corrida da IA."},"categories":[2],"tags":[],"class_list":["post-1455","post","type-post","status-publish","format-standard","has-post-thumbnail","hentry","category-technology"],"_links":{"self":[{"href":"https:\/\/www.tayfnews.tech\/pt\/wp-json\/wp\/v2\/posts\/1455","targetHints":{"allow":["GET"]}}],"collection":[{"href":"https:\/\/www.tayfnews.tech\/pt\/wp-json\/wp\/v2\/posts"}],"about":[{"href":"https:\/\/www.tayfnews.tech\/pt\/wp-json\/wp\/v2\/types\/post"}],"author":[{"embeddable":true,"href":"https:\/\/www.tayfnews.tech\/pt\/wp-json\/wp\/v2\/users\/1"}],"replies":[{"embeddable":true,"href":"https:\/\/www.tayfnews.tech\/pt\/wp-json\/wp\/v2\/comments?post=1455"}],"version-history":[{"count":1,"href":"https:\/\/www.tayfnews.tech\/pt\/wp-json\/wp\/v2\/posts\/1455\/revisions"}],"predecessor-version":[{"id":1456,"href":"https:\/\/www.tayfnews.tech\/pt\/wp-json\/wp\/v2\/posts\/1455\/revisions\/1456"}],"wp:featuredmedia":[{"embeddable":true,"href":"https:\/\/www.tayfnews.tech\/pt\/wp-json\/wp\/v2\/media\/1454"}],"wp:attachment":[{"href":"https:\/\/www.tayfnews.tech\/pt\/wp-json\/wp\/v2\/media?parent=1455"}],"wp:term":[{"taxonomy":"category","embeddable":true,"href":"https:\/\/www.tayfnews.tech\/pt\/wp-json\/wp\/v2\/categories?post=1455"},{"taxonomy":"post_tag","embeddable":true,"href":"https:\/\/www.tayfnews.tech\/pt\/wp-json\/wp\/v2\/tags?post=1455"}],"curies":[{"name":"wp","href":"https:\/\/api.w.org\/{rel}","templated":true}]}}