{"id":1407,"date":"2026-08-31T13:03:50","date_gmt":"2026-08-31T10:03:50","guid":{"rendered":"https:\/\/www.tayfnews.tech\/pt\/?p=1407"},"modified":"2026-08-31T13:03:50","modified_gmt":"2026-08-31T10:03:50","slug":"soldado-da-legiao-estrangeira-francesa-sequestrado-na-colombia-2","status":"publish","type":"post","link":"https:\/\/www.tayfnews.tech\/pt\/politics-defense\/soldado-da-legiao-estrangeira-francesa-sequestrado-na-colombia-2\/","title":{"rendered":"Soldado da Legi\u00e3o Estrangeira Francesa sequestrado na Col\u00f4mbia"},"content":{"rendered":"<p>Uma proeminente fa\u00e7\u00e3o rebelde colombiana reconheceu formalmente a sua responsabilidade pelo rapto de um cidad\u00e3o colombiano que serve na elite da Legi\u00e3o Estrangeira Francesa. A revela\u00e7\u00e3o, feita num domingo, aborda o estado de Jose Olger Melo Charry, que se encontrava alegadamente na mira de for\u00e7as insurgentes enquanto visitava o seu pa\u00eds natal em licen\u00e7a autorizada. De acordo com declara\u00e7\u00f5es emitidas pela organiza\u00e7\u00e3o dissidente, o soldado cativo continua vivo e encontra-se atualmente detido no que o grupo descreve como perfeita sa\u00fade.<\/p>\n<h2>A Identidade e Afilia\u00e7\u00e3o do Cativo<\/h2>\n<p>O incidente coloca em evid\u00eancia a interse\u00e7\u00e3o entre o servi\u00e7o militar internacional e os desafios de seguran\u00e7a interna na Am\u00e9rica do Sul. Jose Olger Melo Charry distingue-se por servir nas fileiras da Legi\u00e3o Estrangeira Francesa, um ramo militar estabelecido na d\u00e9cada de 1830 que aceita recrutas estrangeiros dispostos a servir a Rep\u00fablica Francesa. Embora os membros da Legi\u00e3o provenham de todo o mundo, manter la\u00e7os com o pa\u00eds de origem envolve frequentemente visitas peri\u00f3dicas durante os per\u00edodos de licen\u00e7a autorizada. Foi durante uma dessas viagens pessoais \u00e0 Col\u00f4mbia que Melo Charry se deparou com a fa\u00e7\u00e3o armada respons\u00e1vel pelo seu cativeiro.<\/p>\n<p>Os principais detalhes relativos ao incidente incluem:<\/p>\n<ul>\n<li><strong>V\u00edtima:<\/strong> Jose Olger Melo Charry, cidad\u00e3o colombiano.<\/li>\n<li><strong>Afilia\u00e7\u00e3o Militar:<\/strong> Elite da Legi\u00e3o Estrangeira Francesa.<\/li>\n<li><strong>Estado:<\/strong> Confirmado como vivo e com relatos de estar em perfeita sa\u00fade.<\/li>\n<li><strong>Cronologia:<\/strong> Reconhecimento tornado p\u00fablico num domingo.<\/li>\n<\/ul>\n<h2>A Responsabilidade do Estado Maior Central<\/h2>\n<p>O rapto foi atribu\u00eddo diretamente ao <strong>Estado Maior Central<\/strong>, uma fa\u00e7\u00e3o armada reconhecida como o principal grupo dissidente proveniente das extintas guerrinhas das FARC. Ap\u00f3s acordos de paz hist\u00f3ricos que desmantelaram a estrutura formal das For\u00e7as Armadas Revolucion\u00e1rias da Col\u00f4mbia, v\u00e1rias fa\u00e7\u00f5es dissidentes e grupos separatistas continuaram opera\u00e7\u00f5es armadas em bols\u00f5es regionais distintos em todo o pa\u00eds. O Estado Maior Central tem mantido uma presen\u00e7a ativa, envolvendo-se em conflitos localizados e empresas criminosas, incluindo sequestros direcionados que atraem frequentemente o escrut\u00ednio nacional e internacional.<\/p>\n<p>Ao avan\u00e7ar para reivindicar a responsabilidade e fornecer uma atualiza\u00e7\u00e3o sobre a condi\u00e7\u00e3o f\u00edsica de Melo Charry, o grupo dissidente chamou a aten\u00e7\u00e3o diplom\u00e1tica e de seguran\u00e7a imediata para a situa\u00e7\u00e3o em curso. As autoridades e os observadores continuam a monitorizar os desenvolvimentos em torno do soldado detido, enquanto os canais diplom\u00e1ticos e as for\u00e7as de seguran\u00e7a avaliam as implica\u00e7\u00f5es das declara\u00e7\u00f5es p\u00fablicas do grupo rebelde.<\/p>\n<p><em>Fonte: <a href=\"https:\/\/www.france24.com\/en\/americas\/20260831-colombian-rebel-group-say-kidnapped-french-foreign-legion-soldier-is-still-alive\" target=\"_blank\" rel=\"noopener noreferrer\">Artigo original<\/a><\/em><\/p>\n","protected":false},"excerpt":{"rendered":"<p>Estado Maior Central confirma sequestro de Jose Olger Melo Charry, colombiano e soldado da Legi\u00e3o Estrangeira Francesa, que continua vivo.<\/p>\n","protected":false},"author":1,"featured_media":1406,"comment_status":"open","ping_status":"open","sticky":false,"template":"","format":"standard","meta":{"googlesitekit_rrm_CAowrrDMDA:productID":"","tayfnews_source_url":"","footnotes":"","rank_math_focus_keyword":"Legi\u00e3o Estrangeira Francesa, Estado Maior Central, Jose Olger Melo Charry, Col\u00f4mbia, Rebeldes, Defesa","rank_math_title":"Soldado da Legi\u00e3o Estrangeira Francesa sequestrado na Col\u00f4mbia","rank_math_description":"Estado Maior Central confirma sequestro de Jose Olger Melo Charry, colombiano e soldado da Legi\u00e3o Estrangeira Francesa, que continua vivo."},"categories":[11],"tags":[],"class_list":["post-1407","post","type-post","status-publish","format-standard","has-post-thumbnail","hentry","category-politics-defense"],"_links":{"self":[{"href":"https:\/\/www.tayfnews.tech\/pt\/wp-json\/wp\/v2\/posts\/1407","targetHints":{"allow":["GET"]}}],"collection":[{"href":"https:\/\/www.tayfnews.tech\/pt\/wp-json\/wp\/v2\/posts"}],"about":[{"href":"https:\/\/www.tayfnews.tech\/pt\/wp-json\/wp\/v2\/types\/post"}],"author":[{"embeddable":true,"href":"https:\/\/www.tayfnews.tech\/pt\/wp-json\/wp\/v2\/users\/1"}],"replies":[{"embeddable":true,"href":"https:\/\/www.tayfnews.tech\/pt\/wp-json\/wp\/v2\/comments?post=1407"}],"version-history":[{"count":1,"href":"https:\/\/www.tayfnews.tech\/pt\/wp-json\/wp\/v2\/posts\/1407\/revisions"}],"predecessor-version":[{"id":1408,"href":"https:\/\/www.tayfnews.tech\/pt\/wp-json\/wp\/v2\/posts\/1407\/revisions\/1408"}],"wp:featuredmedia":[{"embeddable":true,"href":"https:\/\/www.tayfnews.tech\/pt\/wp-json\/wp\/v2\/media\/1406"}],"wp:attachment":[{"href":"https:\/\/www.tayfnews.tech\/pt\/wp-json\/wp\/v2\/media?parent=1407"}],"wp:term":[{"taxonomy":"category","embeddable":true,"href":"https:\/\/www.tayfnews.tech\/pt\/wp-json\/wp\/v2\/categories?post=1407"},{"taxonomy":"post_tag","embeddable":true,"href":"https:\/\/www.tayfnews.tech\/pt\/wp-json\/wp\/v2\/tags?post=1407"}],"curies":[{"name":"wp","href":"https:\/\/api.w.org\/{rel}","templated":true}]}}