{"id":1461,"date":"2026-09-01T09:03:22","date_gmt":"2026-09-01T06:03:22","guid":{"rendered":"https:\/\/www.tayfnews.tech\/fr\/?p=1461"},"modified":"2026-09-01T09:03:22","modified_gmt":"2026-09-01T06:03:22","slug":"colombie-des-frappes-aeriennes-tuent-20-rebelles-presumes","status":"publish","type":"post","link":"https:\/\/www.tayfnews.tech\/fr\/politics-defense\/colombie-des-frappes-aeriennes-tuent-20-rebelles-presumes\/","title":{"rendered":"Colombie : des frappes a\u00e9riennes tuent 20 rebelles pr\u00e9sum\u00e9s"},"content":{"rendered":"<p>De nouvelles frappes a\u00e9riennes gouvernementales ont entra\u00een\u00e9 la mort de 20 membres pr\u00e9sum\u00e9s du groupe arm\u00e9 de l&rsquo;<\/p>\n<p>De nouvelles frappes a\u00e9riennes gouvernementales ont entra\u00een\u00e9 la mort de 20 membres pr\u00e9sum\u00e9s du groupe arm\u00e9 de l&rsquo;<strong>\u00c9tat-Major Central (EMC)<\/strong> situ\u00e9 dans le sud de la Colombie, selon des d\u00e9clarations faites lundi par le pr\u00e9sident de droite du pays, Abelardo de la Espriella. Cette op\u00e9ration militaire marque une escalade significative dans les campagnes de s\u00e9curit\u00e9 en cours ciblant les factions dissidentes op\u00e9rant dans la r\u00e9gion.<\/p>\n<h2>Escalade sous la nouvelle administration<\/h2>\n<p>Cette r\u00e9cente op\u00e9ration met en lumi\u00e8re un durcissement de la posture s\u00e9curitaire sous l&rsquo;administration du pr\u00e9sident Abelardo de la Espriella. Cette attitude agressive envers les groupes insurg\u00e9s a attir\u00e9 un nouvel examen sur les tactiques militaires, en particulier concernant l&rsquo;utilisation de bombardements a\u00e9riens dans des r\u00e9gions o\u00f9 les factions arm\u00e9es et les populations civiles se croisent souvent.<\/p>\n<p>Selon des informations fournies par des sources au sein de l&rsquo;autorit\u00e9 m\u00e9dico-l\u00e9gale colombienne, l&rsquo;administration actuelle a d\u00e9j\u00e0 autoris\u00e9 des op\u00e9rations similaires par le pass\u00e9. Plus pr\u00e9cis\u00e9ment, deux autres frappes a\u00e9riennes meurtri\u00e8res men\u00e9es contre des gu\u00e9rilleros pr\u00e9sum\u00e9s en ao\u00fbt ont entra\u00een\u00e9 la mort d&rsquo;au moins quatre mineurs, d&rsquo;apr\u00e8s les conclusions de la m\u00e9decine l\u00e9gale.<\/p>\n<h2>D\u00e9tails cl\u00e9s des op\u00e9rations militaires<\/h2>\n<ul>\n<li><strong>Groupe cible :<\/strong> Groupe arm\u00e9 de l&rsquo;\u00c9tat-Major Central (EMC)<\/li>\n<li><strong>Victimes lors de la derni\u00e8re frappe :<\/strong> 20 pr\u00e9tendus gu\u00e9rilleros tu\u00e9s<\/li>\n<li><strong>Localisation :<\/strong> Sud de la Colombie<\/li>\n<li><strong>Contexte des dirigeants :<\/strong> Men\u00e9e sous le pr\u00e9sident de droite Abelardo de la Espriella<\/li>\n<li><strong>Op\u00e9rations ant\u00e9rieures :<\/strong> Deux frappes a\u00e9riennes meurtri\u00e8res en ao\u00fbt<\/li>\n<li><strong>Constatations m\u00e9dicol\u00e9gales :<\/strong> Au moins quatre mineurs tu\u00e9s lors des frappes d&rsquo;ao\u00fbt<\/li>\n<\/ul>\n<p><em>Source : <a href=\"https:\/\/www.france24.com\/en\/americas\/20260901-government-air-strikes-kill-20-alleged-guerrillas-in-colombia-president-says\" target=\"_blank\" rel=\"noopener noreferrer\">Article original<\/a><\/em><\/p>\n","protected":false},"excerpt":{"rendered":"<p>Des frappes a\u00e9riennes en Colombie tuent 20 rebelles pr\u00e9sum\u00e9s de l&rsquo;EMC sous la pr\u00e9sidence d&rsquo;Abelardo de la Espriella, marquant une escalade s\u00e9curitaire.<\/p>\n","protected":false},"author":1,"featured_media":1460,"comment_status":"open","ping_status":"open","sticky":false,"template":"","format":"standard","meta":{"googlesitekit_rrm_CAowrrDMDA:productID":"","tayfnews_source_url":"","footnotes":"","rank_math_focus_keyword":"Frappes a\u00e9riennes en Colombie, Rebelles de l'EMC, Abelardo de la Espriella, Militaire, S\u00e9curit\u00e9, Politique","rank_math_title":"Colombie : des frappes a\u00e9riennes tuent 20 rebelles pr\u00e9sum\u00e9s","rank_math_description":"Des frappes a\u00e9riennes en Colombie tuent 20 rebelles pr\u00e9sum\u00e9s de l'EMC sous la pr\u00e9sidence d'Abelardo de la Espriella, marquant une escalade s\u00e9curitaire."},"categories":[12],"tags":[],"class_list":["post-1461","post","type-post","status-publish","format-standard","has-post-thumbnail","hentry","category-politics-defense"],"_links":{"self":[{"href":"https:\/\/www.tayfnews.tech\/fr\/wp-json\/wp\/v2\/posts\/1461","targetHints":{"allow":["GET"]}}],"collection":[{"href":"https:\/\/www.tayfnews.tech\/fr\/wp-json\/wp\/v2\/posts"}],"about":[{"href":"https:\/\/www.tayfnews.tech\/fr\/wp-json\/wp\/v2\/types\/post"}],"author":[{"embeddable":true,"href":"https:\/\/www.tayfnews.tech\/fr\/wp-json\/wp\/v2\/users\/1"}],"replies":[{"embeddable":true,"href":"https:\/\/www.tayfnews.tech\/fr\/wp-json\/wp\/v2\/comments?post=1461"}],"version-history":[{"count":1,"href":"https:\/\/www.tayfnews.tech\/fr\/wp-json\/wp\/v2\/posts\/1461\/revisions"}],"predecessor-version":[{"id":1462,"href":"https:\/\/www.tayfnews.tech\/fr\/wp-json\/wp\/v2\/posts\/1461\/revisions\/1462"}],"wp:featuredmedia":[{"embeddable":true,"href":"https:\/\/www.tayfnews.tech\/fr\/wp-json\/wp\/v2\/media\/1460"}],"wp:attachment":[{"href":"https:\/\/www.tayfnews.tech\/fr\/wp-json\/wp\/v2\/media?parent=1461"}],"wp:term":[{"taxonomy":"category","embeddable":true,"href":"https:\/\/www.tayfnews.tech\/fr\/wp-json\/wp\/v2\/categories?post=1461"},{"taxonomy":"post_tag","embeddable":true,"href":"https:\/\/www.tayfnews.tech\/fr\/wp-json\/wp\/v2\/tags?post=1461"}],"curies":[{"name":"wp","href":"https:\/\/api.w.org\/{rel}","templated":true}]}}