{"id":1407,"date":"2026-08-31T13:03:01","date_gmt":"2026-08-31T10:03:01","guid":{"rendered":"https:\/\/www.tayfnews.tech\/fr\/?p=1407"},"modified":"2026-08-31T13:03:01","modified_gmt":"2026-08-31T10:03:01","slug":"un-soldat-de-la-legion-etrangere-kidnappe-par-des-rebelles","status":"publish","type":"post","link":"https:\/\/www.tayfnews.tech\/fr\/politics-defense\/un-soldat-de-la-legion-etrangere-kidnappe-par-des-rebelles\/","title":{"rendered":"Un soldat de la L\u00e9gion \u00e9trang\u00e8re kidnapp\u00e9 par des rebelles"},"content":{"rendered":"<p>Une importante faction rebelle colombienne a formellement reconnu sa responsabilit\u00e9 dans l&rsquo;enl\u00e8vement d&rsquo;un ressortissant colombien servant au sein de la prestigieuse L\u00e9gion \u00e9trang\u00e8re fran\u00e7aise. Cette d\u00e9claration, rendue publique un dimanche, fait le point sur la situation de Jose Olger Melo Charry, qui aurait \u00e9t\u00e9 pris pour cible par des forces insurg\u00e9es alors qu&rsquo;il visitait son pays natal lors d&rsquo;un cong\u00e9 autoris\u00e9. Selon les d\u00e9clarations de l&rsquo;organisation dissidente, le soldat captif est toujours en vie et serait actuellement d\u00e9tenu en parfaite sant\u00e9 selon le groupe.<\/p>\n<h2>L&rsquo;identit\u00e9 et l&rsquo;affiliation du captif<\/h2>\n<p>Cet incident met en lumi\u00e8re la crois\u00e9e des chemins entre le service militaire international et les d\u00e9fis de s\u00e9curit\u00e9 int\u00e9rieure en Am\u00e9rique du Sud. Jose Olger Melo Charry a la particularit\u00e9 de servir dans les rangs de la L\u00e9gion \u00e9trang\u00e8re fran\u00e7aise, une branche militaire cr\u00e9\u00e9e dans les ann\u00e9es 1830 qui accepte des recrues \u00e9trang\u00e8res d\u00e9sireuses de servir la R\u00e9publique fran\u00e7aise. Si les membres de la L\u00e9gion viennent du monde entier, le maintien des liens avec leur pays d&rsquo;origine implique souvent des visites p\u00e9riodiques pendant leurs p\u00e9riodes de permission. C&rsquo;est au cours de l&rsquo;un de ces voyages personnels en Colombie que Melo Charry a crois\u00e9 la route de la faction arm\u00e9e responsable de sa captivit\u00e9.<\/p>\n<p>Les principaux d\u00e9tails concernant l&rsquo;incident comprennent :<\/p>\n<ul>\n<li><strong>Victime :<\/strong> Jose Olger Melo Charry, ressortissant colombien.<\/li>\n<li><strong>Affiliation militaire :<\/strong> L\u00e9gion \u00e9trang\u00e8re fran\u00e7aise d&rsquo;\u00e9lite.<\/li>\n<li><strong>Statut :<\/strong> Confirm\u00e9 en vie et annonc\u00e9 en parfaite sant\u00e9.<\/li>\n<li><strong>Chronologie :<\/strong> Reconnaissance rendue publique un dimanche.<\/li>\n<\/ul>\n<h2>La responsabilit\u00e9 de l&rsquo;\u00c9tat-major central<\/h2>\n<p>L&rsquo;enl\u00e8vement a \u00e9t\u00e9 attribu\u00e9 directement \u00e0 l&rsquo;<strong>\u00c9tat-major central<\/strong>, une faction arm\u00e9e reconnue comme le principal groupe dissident issu des ex-gu\u00e9rillas des FARC. \u00c0 la suite des accords de paix historiques qui ont d\u00e9mantel\u00e9 la structure formelle des Forces arm\u00e9es r\u00e9volutionnaires de Colombie, diverses factions dissidentes et groupes scissionn\u00e9s ont poursuivi leurs op\u00e9rations arm\u00e9es dans des poches r\u00e9gionales distinctes \u00e0 travers le pays. L&rsquo;\u00c9tat-major central a maintenu une pr\u00e9sence active, se livrant \u00e0 des conflits localis\u00e9s et \u00e0 des activit\u00e9s criminelles, notamment des enl\u00e8vements cibl\u00e9s qui attirent fr\u00e9quemment l&rsquo;attention nationale et internationale.<\/p>\n<p>En revendiquant l&rsquo;enl\u00e8vement et en fournissant des informations sur l&rsquo;\u00e9tat de sant\u00e9 de Melo Charry, le groupe dissident a attir\u00e9 l&rsquo;attention diplomatique et s\u00e9curitaire imm\u00e9diate sur cette situation en \u00e9volution. Les autorit\u00e9s et les observateurs continuent de surveiller l&rsquo;\u00e9volution de la situation du soldat d\u00e9tenu, tandis que les canaux diplomatiques et les forces de s\u00e9curit\u00e9 \u00e9valuent les implications des d\u00e9clarations publiques du groupe rebelle.<\/p>\n<p><em>Source : <a href=\"https:\/\/www.france24.com\/en\/americas\/20260831-colombian-rebel-group-say-kidnapped-french-foreign-legion-soldier-is-still-alive\" target=\"_blank\" rel=\"noopener noreferrer\">Article original<\/a><\/em><\/p>\n","protected":false},"excerpt":{"rendered":"<p>L&rsquo;\u00c9tat-major central confirme l&rsquo;enl\u00e8vement de Jose Olger Melo Charry, ressortissant colombien et soldat de la L\u00e9gion \u00e9trang\u00e8re, qui est en vie.<\/p>\n","protected":false},"author":1,"featured_media":1406,"comment_status":"open","ping_status":"open","sticky":false,"template":"","format":"standard","meta":{"googlesitekit_rrm_CAowrrDMDA:productID":"","tayfnews_source_url":"","footnotes":"","rank_math_focus_keyword":"L\u00e9gion \u00e9trang\u00e8re, \u00c9tat-major central, Jose Olger Melo Charry, Colombie, Rebelles, D\u00e9fense","rank_math_title":"Un soldat de la L\u00e9gion \u00e9trang\u00e8re kidnapp\u00e9 par des rebelles","rank_math_description":"L'\u00c9tat-major central confirme l'enl\u00e8vement de Jose Olger Melo Charry, ressortissant colombien et soldat de la L\u00e9gion \u00e9trang\u00e8re, qui est en vie."},"categories":[12],"tags":[],"class_list":["post-1407","post","type-post","status-publish","format-standard","has-post-thumbnail","hentry","category-politics-defense"],"_links":{"self":[{"href":"https:\/\/www.tayfnews.tech\/fr\/wp-json\/wp\/v2\/posts\/1407","targetHints":{"allow":["GET"]}}],"collection":[{"href":"https:\/\/www.tayfnews.tech\/fr\/wp-json\/wp\/v2\/posts"}],"about":[{"href":"https:\/\/www.tayfnews.tech\/fr\/wp-json\/wp\/v2\/types\/post"}],"author":[{"embeddable":true,"href":"https:\/\/www.tayfnews.tech\/fr\/wp-json\/wp\/v2\/users\/1"}],"replies":[{"embeddable":true,"href":"https:\/\/www.tayfnews.tech\/fr\/wp-json\/wp\/v2\/comments?post=1407"}],"version-history":[{"count":1,"href":"https:\/\/www.tayfnews.tech\/fr\/wp-json\/wp\/v2\/posts\/1407\/revisions"}],"predecessor-version":[{"id":1408,"href":"https:\/\/www.tayfnews.tech\/fr\/wp-json\/wp\/v2\/posts\/1407\/revisions\/1408"}],"wp:featuredmedia":[{"embeddable":true,"href":"https:\/\/www.tayfnews.tech\/fr\/wp-json\/wp\/v2\/media\/1406"}],"wp:attachment":[{"href":"https:\/\/www.tayfnews.tech\/fr\/wp-json\/wp\/v2\/media?parent=1407"}],"wp:term":[{"taxonomy":"category","embeddable":true,"href":"https:\/\/www.tayfnews.tech\/fr\/wp-json\/wp\/v2\/categories?post=1407"},{"taxonomy":"post_tag","embeddable":true,"href":"https:\/\/www.tayfnews.tech\/fr\/wp-json\/wp\/v2\/tags?post=1407"}],"curies":[{"name":"wp","href":"https:\/\/api.w.org\/{rel}","templated":true}]}}