{"id":1411,"date":"2026-08-31T13:02:35","date_gmt":"2026-08-31T10:02:35","guid":{"rendered":"https:\/\/www.tayfnews.tech\/es\/?p=1411"},"modified":"2026-08-31T13:02:35","modified_gmt":"2026-08-31T10:02:35","slug":"guerrilla-colombiana-confirma-que-soldado-de-la-legion-extranjera-esta-vivo","status":"publish","type":"post","link":"https:\/\/www.tayfnews.tech\/es\/politics-defense\/guerrilla-colombiana-confirma-que-soldado-de-la-legion-extranjera-esta-vivo\/","title":{"rendered":"Guerrilla colombiana confirma que soldado de la Legi\u00f3n Extranjera est\u00e1 vivo"},"content":{"rendered":"<p>Una destacada facci\u00f3n rebelde colombiana ha reconocido formalmente su responsabilidad en el secuestro de un ciudadano colombiano que presta servicio en la \u00e9lite de la Legi\u00f3n Extranjera Francesa. La revelaci\u00f3n, realizada un domingo, aborda la situaci\u00f3n de Jos\u00e9 Olger Melo Charry, quien al parecer fue interceptado por fuerzas insurgentes mientras visitaba su pa\u00eds natal en un permiso autorizado. Seg\u00fan las declaraciones emitidas por la organizaci\u00f3n escindida, el soldado cautivo sigue con vida y se encuentra retenido en lo que el grupo describe como un estado de salud perfecto.<\/p>\n<h2>La identidad y afiliaci\u00f3n del cautivo<\/h2>\n<p>El incidente pone de relieve la intersecci\u00f3n entre el servicio militar internacional y los desaf\u00edos de seguridad interna en Sudam\u00e9rica. Jos\u00e9 Olger Melo Charry ostenta la distinci\u00f3n de servir en las filas de la Legi\u00f3n Extranjera Francesa, una rama militar establecida en la d\u00e9cada de 1830 que acepta reclutas extranjeros dispuestos a servir a la Rep\u00fablica Francesa. Si bien los miembros de la Legi\u00f3n proceden de todo el mundo, mantener v\u00ednculos con el pa\u00eds de origen suele implicar visitas peri\u00f3dicas durante los periodos de permiso autorizado. Fue durante uno de estos viajes personales a Colombia cuando Melo Charry se top\u00f3 con la facci\u00f3n armada responsable de su cautiverio.<\/p>\n<p>Los detalles clave sobre el incidente incluyen:<\/p>\n<ul>\n<li><strong>V\u00edctima:<\/strong> Jos\u00e9 Olger Melo Charry, ciudadano colombiano.<\/li>\n<li><strong>Afiliaci\u00f3n militar:<\/strong> \u00c9lite de la Legi\u00f3n Extranjera Francesa.<\/li>\n<li><strong>Estado:<\/strong> Confirmado con vida y en aparente perfecto estado de salud.<\/li>\n<li><strong>Momento:<\/strong> Reconocimiento hecho p\u00fablico un domingo.<\/li>\n<\/ul>\n<h2>La responsabilidad del Estado Mayor Central<\/h2>\n<p>El secuestro ha sido atribuido directamente al <strong>Estado Mayor Central<\/strong>, una facci\u00f3n armada reconocida como el principal grupo disidente procedente de las ya extintas FARC. Tras los hist\u00f3ricos acuerdos de paz que desmantelaron la estructura formal de las Fuerzas Armadas Revolucionarias de Colombia, varias facciones disidentes y grupos escindidos han continuado sus operaciones armadas en distintos enclaves regionales del pa\u00eds. El Estado Mayor Central ha mantenido una presencia activa, participando en conflictos localizados y actividades delictivas, incluidos secuestros selectivos que a menudo atraen el escrutinio nacional e internacional.<\/p>\n<p>Al dar un paso al frente para reivindicar la autor\u00eda y proporcionar una actualizaci\u00f3n sobre la condici\u00f3n f\u00edsica de Melo Charry, el grupo disidente ha atra\u00eddo una atenci\u00f3n diplom\u00e1tica y de seguridad inmediata hacia la situaci\u00f3n en curso. Las autoridades y los observadores contin\u00faan monitoreando los acontecimientos en torno al soldado retenido, mientras los canales diplom\u00e1ticos y las fuerzas de seguridad eval\u00faan las implicaciones de las declaraciones p\u00fablicas del grupo rebelde.<\/p>\n<p><em>Fuente: <a href=\"https:\/\/www.france24.com\/en\/americas\/20260831-colombian-rebel-group-say-kidnapped-french-foreign-legion-soldier-is-still-alive\" target=\"_blank\" rel=\"noopener noreferrer\">Art\u00edculo original<\/a><\/em><\/p>\n","protected":false},"excerpt":{"rendered":"<p>El Estado Mayor Central confirma el secuestro de Jos\u00e9 Olger Melo Charry, colombiano y soldado de la Legi\u00f3n Extranjera Francesa, quien sigue con vida.<\/p>\n","protected":false},"author":1,"featured_media":1410,"comment_status":"open","ping_status":"open","sticky":false,"template":"","format":"standard","meta":{"googlesitekit_rrm_CAowrrDMDA:productID":"","tayfnews_source_url":"","footnotes":"","rank_math_focus_keyword":"Legi\u00f3n Extranjera Francesa, Estado Mayor Central, Jos\u00e9 Olger Melo Charry, Colombia, rebeldes, defensa","rank_math_title":"Guerrilla colombiana confirma que soldado de la Legi\u00f3n Extranjera est\u00e1 vivo","rank_math_description":"El Estado Mayor Central confirma el secuestro de Jos\u00e9 Olger Melo Charry, colombiano y soldado de la Legi\u00f3n Extranjera Francesa, quien sigue con vida."},"categories":[11],"tags":[],"class_list":["post-1411","post","type-post","status-publish","format-standard","has-post-thumbnail","hentry","category-politics-defense"],"_links":{"self":[{"href":"https:\/\/www.tayfnews.tech\/es\/wp-json\/wp\/v2\/posts\/1411","targetHints":{"allow":["GET"]}}],"collection":[{"href":"https:\/\/www.tayfnews.tech\/es\/wp-json\/wp\/v2\/posts"}],"about":[{"href":"https:\/\/www.tayfnews.tech\/es\/wp-json\/wp\/v2\/types\/post"}],"author":[{"embeddable":true,"href":"https:\/\/www.tayfnews.tech\/es\/wp-json\/wp\/v2\/users\/1"}],"replies":[{"embeddable":true,"href":"https:\/\/www.tayfnews.tech\/es\/wp-json\/wp\/v2\/comments?post=1411"}],"version-history":[{"count":1,"href":"https:\/\/www.tayfnews.tech\/es\/wp-json\/wp\/v2\/posts\/1411\/revisions"}],"predecessor-version":[{"id":1412,"href":"https:\/\/www.tayfnews.tech\/es\/wp-json\/wp\/v2\/posts\/1411\/revisions\/1412"}],"wp:featuredmedia":[{"embeddable":true,"href":"https:\/\/www.tayfnews.tech\/es\/wp-json\/wp\/v2\/media\/1410"}],"wp:attachment":[{"href":"https:\/\/www.tayfnews.tech\/es\/wp-json\/wp\/v2\/media?parent=1411"}],"wp:term":[{"taxonomy":"category","embeddable":true,"href":"https:\/\/www.tayfnews.tech\/es\/wp-json\/wp\/v2\/categories?post=1411"},{"taxonomy":"post_tag","embeddable":true,"href":"https:\/\/www.tayfnews.tech\/es\/wp-json\/wp\/v2\/tags?post=1411"}],"curies":[{"name":"wp","href":"https:\/\/api.w.org\/{rel}","templated":true}]}}