{"id":1500,"date":"2026-08-31T13:02:10","date_gmt":"2026-08-31T10:02:10","guid":{"rendered":"https:\/\/www.tayfnews.tech\/de\/?p=1500"},"modified":"2026-08-31T13:02:10","modified_gmt":"2026-08-31T10:02:10","slug":"franzoesischer-fremdenlegionaer-von-kolumbianischen-rebellen-entfuehrt","status":"publish","type":"post","link":"https:\/\/www.tayfnews.tech\/de\/politics-defense\/franzoesischer-fremdenlegionaer-von-kolumbianischen-rebellen-entfuehrt\/","title":{"rendered":"Franz\u00f6sischer Fremdenlegion\u00e4r von kolumbianischen Rebellen entf\u00fchrt"},"content":{"rendered":"<p>Eine prominente kolumbianische Rebellenfraktion hat offiziell die Verantwortung f\u00fcr die Entf\u00fchrung eines kolumbianischen Staatsb\u00fcrgers \u00fcbernommen, der in der Eliteeinheit der franz\u00f6sischen Fremdenlegion dient. Die am Sonntag ver\u00f6ffentlichte Erkl\u00e4rung kl\u00e4rt den Status von Jose Olger Melo Charry, der Berichten zufolge w\u00e4hrend eines Heimaturlaubs in seinem Heimatland ins Visier von Aufst\u00e4ndischen geraten war. Erkl\u00e4rungen der Abtr\u00fcnnigen zufolge lebt der gefangene Soldat noch und befindet sich nach Angaben der Gruppe in bester gesundheitlicher Verfassung.<\/p>\n<h2>Identit\u00e4t und Zugeh\u00f6rigkeit des Gefangenen<\/h2>\n<p>Der Vorfall r\u00fcckt die Schnittstelle zwischen internationalem Milit\u00e4rdienst und innenpolitischen Sicherheitsherausforderungen in S\u00fcdamerika in den Fokus. Jose Olger Melo Charry geh\u00f6rt der franz\u00f6sischen Fremdenlegion an, einem in den 1830er Jahren gegr\u00fcndeten Milit\u00e4rzweig, der ausl\u00e4ndische Rekruten aufnimmt, die bereit sind, der Franz\u00f6sischen Republik zu dienen. Obwohl die Legion\u00e4re aus aller Welt stammen, pflegen viele w\u00e4hrend genehmigter Beurlaubungen regelm\u00e4\u00dfigen Kontakt zu ihrer Heimat. W\u00e4hrend einer solchen privaten Reise nach Kolumbien geriet Melo Charry in die H\u00e4nde der bewaffneten Gruppierung.<\/p>\n<p>Wichtige Details zu dem Vorfall im \u00dcberblick:<\/p>\n<ul>\n<li><strong>Opfer:<\/strong> Jose Olger Melo Charry, ein kolumbianischer Staatsb\u00fcrger.<\/li>\n<li><strong>Milit\u00e4rische Zugeh\u00f6rigkeit:<\/strong> Eliteeinheit der franz\u00f6sischen Fremdenlegion.<\/li>\n<li><strong>Status:<\/strong> Best\u00e4tigt am Leben und angeblich in bester Verfassung.<\/li>\n<li><strong>Zeitpunkt:<\/strong> \u00d6ffentliche Bekanntgabe an einem Sonntag.<\/li>\n<\/ul>\n<h2>Die Verantwortung des Zentralen Generalstabs<\/h2>\n<p>Die Entf\u00fchrung wird direkt dem <strong>Zentralen Generalstab<\/strong> zugeschrieben, einer bewaffneten Fraktion, die als wichtigste Abspaltung der inzwischen aufgel\u00f6sten FARC-Guerilla gilt. Nach historischen Friedensabkommen, die die formelle Struktur der Revolution\u00e4ren Streitkr\u00e4fte Kolumbiens aufl\u00f6sten, haben verschiedene Dissidentengruppen und Splittergruppen ihre bewaffneten Operationen in bestimmten Regionen des Landes fortgesetzt. Der Zentrale Generalstab ist nach wie vor aktiv und verwickelt sich in lokale Konflikte sowie kriminelle Machenschaften, darunter gezielte Entf\u00fchrungen, die regelm\u00e4\u00dfig nationale und internationale Aufmerksamkeit erregen.<\/p>\n<p>Indem die Splittergruppe die Verantwortung \u00fcbernahm und ein Update zu Melo Charrys k\u00f6rperlicher Verfassung lieferte, hat sie die anhaltende Situation ins Zentrum der diplomatischen und sicherheitspolitischen Aufmerksamkeit ger\u00fcckt. Beh\u00f6rden und Beobachter verfolgen die Entwicklungen um den festgehaltenen Soldaten genau, w\u00e4hrend diplomatische Kan\u00e4le und Sicherheitskr\u00e4fte die Tragweite der \u00f6ffentlichen Erkl\u00e4rungen der Rebellen analysieren.<\/p>\n<p><em>Quelle: <a href=\"https:\/\/www.france24.com\/en\/americas\/20260831-colombian-rebel-group-say-kidnapped-french-foreign-legion-soldier-is-still-alive\" target=\"_blank\" rel=\"noopener noreferrer\">Originalartikel<\/a><\/em><\/p>\n","protected":false},"excerpt":{"rendered":"<p>Der Zentrale Generalstab best\u00e4tigt die Entf\u00fchrung von Jose Olger Melo Charry, einem Kolumbianer und Soldaten der Fremdenlegion, der noch lebt.<\/p>\n","protected":false},"author":1,"featured_media":1499,"comment_status":"open","ping_status":"open","sticky":false,"template":"","format":"standard","meta":{"googlesitekit_rrm_CAowrrDMDA:productID":"","tayfnews_source_url":"","footnotes":"","rank_math_focus_keyword":"Fremdenlegion, Zentraler Generalstab, Jose Olger Melo Charry, Kolumbien, Rebellen, Verteidigung","rank_math_title":"Franz\u00f6sischer Fremdenlegion\u00e4r von kolumbianischen Rebellen entf\u00fchrt","rank_math_description":"Der Zentrale Generalstab best\u00e4tigt die Entf\u00fchrung von Jose Olger Melo Charry, einem Kolumbianer und Soldaten der Fremdenlegion, der noch lebt."},"categories":[11],"tags":[],"class_list":["post-1500","post","type-post","status-publish","format-standard","has-post-thumbnail","hentry","category-politics-defense"],"_links":{"self":[{"href":"https:\/\/www.tayfnews.tech\/de\/wp-json\/wp\/v2\/posts\/1500","targetHints":{"allow":["GET"]}}],"collection":[{"href":"https:\/\/www.tayfnews.tech\/de\/wp-json\/wp\/v2\/posts"}],"about":[{"href":"https:\/\/www.tayfnews.tech\/de\/wp-json\/wp\/v2\/types\/post"}],"author":[{"embeddable":true,"href":"https:\/\/www.tayfnews.tech\/de\/wp-json\/wp\/v2\/users\/1"}],"replies":[{"embeddable":true,"href":"https:\/\/www.tayfnews.tech\/de\/wp-json\/wp\/v2\/comments?post=1500"}],"version-history":[{"count":1,"href":"https:\/\/www.tayfnews.tech\/de\/wp-json\/wp\/v2\/posts\/1500\/revisions"}],"predecessor-version":[{"id":1501,"href":"https:\/\/www.tayfnews.tech\/de\/wp-json\/wp\/v2\/posts\/1500\/revisions\/1501"}],"wp:featuredmedia":[{"embeddable":true,"href":"https:\/\/www.tayfnews.tech\/de\/wp-json\/wp\/v2\/media\/1499"}],"wp:attachment":[{"href":"https:\/\/www.tayfnews.tech\/de\/wp-json\/wp\/v2\/media?parent=1500"}],"wp:term":[{"taxonomy":"category","embeddable":true,"href":"https:\/\/www.tayfnews.tech\/de\/wp-json\/wp\/v2\/categories?post=1500"},{"taxonomy":"post_tag","embeddable":true,"href":"https:\/\/www.tayfnews.tech\/de\/wp-json\/wp\/v2\/tags?post=1500"}],"curies":[{"name":"wp","href":"https:\/\/api.w.org\/{rel}","templated":true}]}}